{"id":6260,"date":"2020-08-01T05:37:13","date_gmt":"2020-08-01T03:37:13","guid":{"rendered":"https:\/\/bcsla.hu\/site\/?p=6260"},"modified":"2020-08-01T05:37:13","modified_gmt":"2020-08-01T03:37:13","slug":"hosszabbitas-2-resz-20200731","status":"publish","type":"post","link":"https:\/\/bcsla.hu\/site\/hosszabbitas-2-resz-20200731\/","title":{"rendered":"Hosszabb\u00edt\u00e1s 2. r\u00e9sz"},"content":{"rendered":"<p style=\"text-align: justify;\">Ny\u00e1ron t\u00f6bb v\u00e1ltoz\u00e1son is \u00e1tesett a B\u00e9k\u00e9scsaba 1912 El\u0151re labdar\u00fag\u00f3 csapata. Visszavonult az eddigi kapusedz\u0151 Hanyecz J\u00e1nos, hely\u00e9t Moln\u00e1r Levente vette \u00e1t. Az El\u0151re \u00faj j\u00e1t\u00e9kosokat igazolt: lil\u00e1ban folytatja Bora Gy\u00f6rgy, Paudits Patrik, Kitl Mikl\u00f3s \u00e9s Szab\u00f3 P\u00e9ter, illetve felker\u00fclt az els\u0151 csapathoz Hodonicki M\u00e1rk &#8211; a kulcsemberek pedig szerz\u0151d\u00e9st hosszabb\u00edtottak az egy\u00fcttessel. A bajnoki felk\u00e9sz\u00fcl\u00e9sen is t\u00fal van a csapat, hiszen vas\u00e1rnap m\u00e1r a Szeged ellen l\u00e9p p\u00e1ly\u00e1ra idegenben. A legfrissebb magazinunkban bemutatkoznak \u00faj szerzem\u00e9nyeink \u00e9s a kapusedz\u0151 Moln\u00e1r Levente. B\u00facs\u00fazik Hanyecz J\u00e1nos, illetve betekint\u00e9st nyerhetnek az El\u0151re ny\u00e1ri felk\u00e9sz\u00fcl\u00e9s\u00e9be.<\/p>\n<p style=\"text-align: center;\"><img decoding=\"async\" class=\"alignnone size-full wp-image-353\" src=\"https:\/\/1912elore.hu\/site\/wp-content\/uploads\/2014\/08\/line_purple.png\" alt=\"\" width=\"680\" height=\"1\" \/><\/p>\n<p><iframe src=\"https:\/\/www.youtube.com\/embed\/cMtvoqamZCk\" width=\"680\" height=\"362\" frameborder=\"0\" allowfullscreen=\"allowfullscreen\"><span data-mce-type=\"bookmark\" style=\"display: inline-block; width: 0px; overflow: hidden; line-height: 0;\" class=\"mce_SELRES_start\"><\/span><\/iframe><\/p>\n<p style=\"text-align: center;\"><img decoding=\"async\" class=\"alignnone size-full wp-image-353\" src=\"https:\/\/1912elore.hu\/site\/wp-content\/uploads\/2014\/08\/line_purple.png\" alt=\"\" width=\"680\" height=\"1\" \/><\/p>\n<p><em>K\u00e9sz\u00edtette: B\u00e9k\u00e9scsabai M\u00e9diacentrum Kft.<\/em><\/p>\n<p><span style=\"color: #800080;\"><strong>Hajr\u00e1 Lil\u00e1k!<\/strong><\/span><\/p>\n","protected":false},"excerpt":{"rendered":"<p>Ny\u00e1ron t\u00f6bb v\u00e1ltoz\u00e1son is \u00e1tesett a B\u00e9k\u00e9scsaba 1912 El\u0151re labdar\u00fag\u00f3 csapata. Visszavonult az eddigi kapusedz\u0151 Hanyecz J\u00e1nos, hely\u00e9t Moln\u00e1r Levente vette \u00e1t. Az El\u0151re \u00faj j\u00e1t\u00e9kosokat igazolt: lil\u00e1ban folytatja Bora Gy\u00f6rgy, Paudits Patrik, Kitl Mikl\u00f3s \u00e9s Szab\u00f3 P\u00e9ter, illetve felker\u00fclt az els\u0151 csapathoz Hodonicki M\u00e1rk &#8211; a kulcsemberek pedig szerz\u0151d\u00e9st hosszabb\u00edtottak az egy\u00fcttessel. A bajnoki [&hellip;]<\/p>\n","protected":false},"author":1,"featured_media":0,"comment_status":"closed","ping_status":"closed","sticky":false,"template":"","format":"standard","meta":{"footnotes":""},"categories":[82,477],"tags":[85,284,285,476],"class_list":["post-6260","post","type-post","status-publish","format-standard","hentry","category-galeria","category-videok-2020","tag-video","tag-behir","tag-bekescsabai-mediacentrum-kft","tag-hosszabbitas"],"publishpress_future_action":{"enabled":false,"date":"2026-05-04 22:19:28","action":"change-status","newStatus":"draft","terms":[],"taxonomy":"category","extraData":[]},"publishpress_future_workflow_manual_trigger":{"enabledWorkflows":[]},"_links":{"self":[{"href":"https:\/\/bcsla.hu\/site\/wp-json\/wp\/v2\/posts\/6260","targetHints":{"allow":["GET"]}}],"collection":[{"href":"https:\/\/bcsla.hu\/site\/wp-json\/wp\/v2\/posts"}],"about":[{"href":"https:\/\/bcsla.hu\/site\/wp-json\/wp\/v2\/types\/post"}],"author":[{"embeddable":true,"href":"https:\/\/bcsla.hu\/site\/wp-json\/wp\/v2\/users\/1"}],"replies":[{"embeddable":true,"href":"https:\/\/bcsla.hu\/site\/wp-json\/wp\/v2\/comments?post=6260"}],"version-history":[{"count":1,"href":"https:\/\/bcsla.hu\/site\/wp-json\/wp\/v2\/posts\/6260\/revisions"}],"predecessor-version":[{"id":6261,"href":"https:\/\/bcsla.hu\/site\/wp-json\/wp\/v2\/posts\/6260\/revisions\/6261"}],"wp:attachment":[{"href":"https:\/\/bcsla.hu\/site\/wp-json\/wp\/v2\/media?parent=6260"}],"wp:term":[{"taxonomy":"category","embeddable":true,"href":"https:\/\/bcsla.hu\/site\/wp-json\/wp\/v2\/categories?post=6260"},{"taxonomy":"post_tag","embeddable":true,"href":"https:\/\/bcsla.hu\/site\/wp-json\/wp\/v2\/tags?post=6260"}],"curies":[{"name":"wp","href":"https:\/\/api.w.org\/{rel}","templated":true}]}}