{"id":6604,"date":"2020-10-03T10:39:35","date_gmt":"2020-10-03T08:39:35","guid":{"rendered":"https:\/\/bcsla.hu\/site\/?p=6604"},"modified":"2020-10-07T09:19:57","modified_gmt":"2020-10-07T07:19:57","slug":"bekescsaba-1912-elore-se-kte-la-20201003-u17","status":"publish","type":"post","link":"https:\/\/bcsla.hu\/site\/bekescsaba-1912-elore-se-kte-la-20201003-u17\/","title":{"rendered":"B\u00e9k\u00e9scsaba 1912 El\u0151re SE &#8211; KTE La."},"content":{"rendered":"<p id=\"headerText\" class=\"container_title\"><strong>MLSZ Orsz\u00e1gos U-17 Alap csoport 6. fordul\u00f3<\/strong><\/p>\n<h2>B\u00e9k\u00e9scsaba 1912 El\u0151re SE &#8211;\u00a0KTE La.<\/h2>\n<h2>1-3 (1-0)<\/h2>\n<p style=\"text-align: justify;\"><strong>Id\u0151pont:<\/strong>\u00a02020. okt\u00f3ber 3. (szombat) 10:00 \u00f3ra<\/p>\n<p style=\"text-align: justify;\"><strong>Helysz\u00edn:<\/strong>\u00a0B\u00e9k\u00e9scsaba Labdar\u00fag\u00f3 Akad\u00e9mia<\/p>\n<p style=\"text-align: justify;\"><strong>G\u00f3lszerz\u0151k:<\/strong> M\u00e1gocsi Bence (22. perc), Gyarmati Ferenc (48. \u00e9s 68. perc), Miskolczi Gerg\u0151 (93. perc).<\/p>\n<p style=\"text-align: justify;\"><strong>S\u00e1rga lapok:<\/strong> Marik Soma (64. perc), Gy\u0151ri \u00c1bel Zsolt (67. perc), R\u00e1cz Istv\u00e1n Dominik (83. perc).<\/p>\n<p style=\"text-align: center;\"><img decoding=\"async\" class=\"alignnone size-full wp-image-34\" src=\"https:\/\/bcsla.hu\/site\/wp-content\/uploads\/2017\/03\/line_purple.png\" alt=\"\" width=\"680\" height=\"1\" srcset=\"https:\/\/bcsla.hu\/site\/wp-content\/uploads\/2017\/03\/line_purple.png 680w, https:\/\/bcsla.hu\/site\/wp-content\/uploads\/2017\/03\/line_purple-150x1.png 150w, https:\/\/bcsla.hu\/site\/wp-content\/uploads\/2017\/03\/line_purple-300x1.png 300w, https:\/\/bcsla.hu\/site\/wp-content\/uploads\/2017\/03\/line_purple-292x1.png 292w, https:\/\/bcsla.hu\/site\/wp-content\/uploads\/2017\/03\/line_purple-100x1.png 100w, https:\/\/bcsla.hu\/site\/wp-content\/uploads\/2017\/03\/line_purple-50x1.png 50w, https:\/\/bcsla.hu\/site\/wp-content\/uploads\/2017\/03\/line_purple-25x1.png 25w, https:\/\/bcsla.hu\/site\/wp-content\/uploads\/2017\/03\/line_purple-90x1.png 90w\" sizes=\"(max-width: 680px) 100vw, 680px\" \/><\/p>\n<p style=\"text-align: justify;\"><strong>Marik L\u00e1szl\u00f3:\u00a0<\/strong><em>\u2013\u00a0Sajnos, a mai napon a kellet\u00e9n\u00e9l jobban el\u0151t\u00e9rbe ker\u00fcltek az egy\u00e9ni kvalit\u00e1sok, ami \u00f6sszess\u00e9g\u00e9ben a csapat teljes\u00edtm\u00e9ny\u00e9nek rov\u00e1s\u00e1ra ment. Ezzel egy\u00fctt nincs semmi komolyabb probl\u00e9ma, mert minden j\u00e1t\u00e9kos \u00e9rezte, hogy a j\u00e1t\u00e9kunk megvan ahhoz, hogy el\u00e9rj\u00fck az els\u0151 n\u00e9gy hely valamelyik\u00e9t. Dolgozunk tov\u00e1bb, hogy el\u00e9rj\u00fck c\u00e9ljainkat.<\/em><\/p>\n<p style=\"text-align: justify;\"><img decoding=\"async\" class=\"alignnone size-full wp-image-34 aligncenter\" src=\"https:\/\/bcsla.hu\/site\/wp-content\/uploads\/2017\/03\/line_purple.png\" alt=\"\" width=\"680\" height=\"1\" srcset=\"https:\/\/bcsla.hu\/site\/wp-content\/uploads\/2017\/03\/line_purple.png 680w, https:\/\/bcsla.hu\/site\/wp-content\/uploads\/2017\/03\/line_purple-150x1.png 150w, https:\/\/bcsla.hu\/site\/wp-content\/uploads\/2017\/03\/line_purple-300x1.png 300w, https:\/\/bcsla.hu\/site\/wp-content\/uploads\/2017\/03\/line_purple-292x1.png 292w, https:\/\/bcsla.hu\/site\/wp-content\/uploads\/2017\/03\/line_purple-100x1.png 100w, https:\/\/bcsla.hu\/site\/wp-content\/uploads\/2017\/03\/line_purple-50x1.png 50w, https:\/\/bcsla.hu\/site\/wp-content\/uploads\/2017\/03\/line_purple-25x1.png 25w, https:\/\/bcsla.hu\/site\/wp-content\/uploads\/2017\/03\/line_purple-90x1.png 90w\" sizes=\"(max-width: 680px) 100vw, 680px\" \/><\/p>\n<p style=\"text-align: justify;\"><a class=\"metro-button mtr-small mtr-red mtr-square mtr-alignleft\" href=\"https:\/\/adatbank.mlsz.hu\/match\/54\/0\/22973\/6\/1571750.html\" title=\"\" target=\"_blank\"> Jegyz\u0151k\u00f6nyv <\/a><\/p>\n<p>&nbsp;<\/p>\n","protected":false},"excerpt":{"rendered":"<p>MLSZ Orsz\u00e1gos U-17 Alap csoport 6. fordul\u00f3 B\u00e9k\u00e9scsaba 1912 El\u0151re SE &#8211;\u00a0KTE La. 1-3 (1-0) Id\u0151pont:\u00a02020. okt\u00f3ber 3. (szombat) 10:00 \u00f3ra Helysz\u00edn:\u00a0B\u00e9k\u00e9scsaba Labdar\u00fag\u00f3 Akad\u00e9mia G\u00f3lszerz\u0151k: M\u00e1gocsi Bence (22. perc), Gyarmati Ferenc (48. \u00e9s 68. perc), Miskolczi Gerg\u0151 (93. perc). S\u00e1rga lapok: Marik Soma (64. perc), Gy\u0151ri \u00c1bel Zsolt (67. perc), R\u00e1cz Istv\u00e1n Dominik (83. perc). [&hellip;]<\/p>\n","protected":false},"author":1,"featured_media":0,"comment_status":"closed","ping_status":"closed","sticky":false,"template":"","format":"standard","meta":{"footnotes":""},"categories":[6,524,529],"tags":[568,546,544,526,55,56,382,31],"class_list":["post-6604","post","type-post","status-publish","format-standard","hentry","category-eredmenyek","category-524","category-eredmenyek-u17-20202021","tag-6-fordulo","tag-1000-ora","tag-oktober","tag-526","tag-u17","tag-eredmeny","tag-kte","tag-merkozes"],"publishpress_future_action":{"enabled":false,"date":"2026-05-05 07:22:04","action":"change-status","newStatus":"draft","terms":[],"taxonomy":"category","extraData":[]},"publishpress_future_workflow_manual_trigger":{"enabledWorkflows":[]},"_links":{"self":[{"href":"https:\/\/bcsla.hu\/site\/wp-json\/wp\/v2\/posts\/6604","targetHints":{"allow":["GET"]}}],"collection":[{"href":"https:\/\/bcsla.hu\/site\/wp-json\/wp\/v2\/posts"}],"about":[{"href":"https:\/\/bcsla.hu\/site\/wp-json\/wp\/v2\/types\/post"}],"author":[{"embeddable":true,"href":"https:\/\/bcsla.hu\/site\/wp-json\/wp\/v2\/users\/1"}],"replies":[{"embeddable":true,"href":"https:\/\/bcsla.hu\/site\/wp-json\/wp\/v2\/comments?post=6604"}],"version-history":[{"count":5,"href":"https:\/\/bcsla.hu\/site\/wp-json\/wp\/v2\/posts\/6604\/revisions"}],"predecessor-version":[{"id":6645,"href":"https:\/\/bcsla.hu\/site\/wp-json\/wp\/v2\/posts\/6604\/revisions\/6645"}],"wp:attachment":[{"href":"https:\/\/bcsla.hu\/site\/wp-json\/wp\/v2\/media?parent=6604"}],"wp:term":[{"taxonomy":"category","embeddable":true,"href":"https:\/\/bcsla.hu\/site\/wp-json\/wp\/v2\/categories?post=6604"},{"taxonomy":"post_tag","embeddable":true,"href":"https:\/\/bcsla.hu\/site\/wp-json\/wp\/v2\/tags?post=6604"}],"curies":[{"name":"wp","href":"https:\/\/api.w.org\/{rel}","templated":true}]}}