{"id":7365,"date":"2021-02-10T06:21:00","date_gmt":"2021-02-10T05:21:00","guid":{"rendered":"https:\/\/bcsla.hu\/site\/?p=7365"},"modified":"2021-02-17T12:12:10","modified_gmt":"2021-02-17T11:12:10","slug":"tisztelt-partnereink-tisztelt-tamogatoink-20210210","status":"publish","type":"post","link":"https:\/\/bcsla.hu\/site\/tisztelt-partnereink-tisztelt-tamogatoink-20210210\/","title":{"rendered":"Tisztelt Partnereink, Tisztelt T\u00e1mogat\u00f3ink!"},"content":{"rendered":"<p style=\"text-align: justify;\"><strong>Az elm\u00falt \u00e9vek k\u00f6z\u00f6s munk\u00e1j\u00e1nak eredm\u00e9nyek\u00e9ppen k\u00f6zel 500 gyereket foglalkoztat\u00f3 ut\u00e1np\u00f3tl\u00e1sb\u00e1zis ker\u00fclt fel\u00e9p\u00edt\u00e9sre B\u00e9k\u00e9scsab\u00e1n. B\u00e1r a tavalyi \u00e9vben kialakult j\u00e1rv\u00e1nyhelyzet Akad\u00e9mi\u00e1nk \u00e9let\u00e9t is sz\u00e1mos ter\u00fcleten befoly\u00e1solta, az \u00d6n\u00f6k seg\u00edts\u00e9g\u00e9vel m\u00e9g ebben a neh\u00e9z helyzetben is helyt tudtunk \u00e1llni, \u00e9s tov\u00e1bb tudtuk folytatni magas sz\u00ednvonal\u00fa ut\u00e1np\u00f3tl\u00e1s k\u00e9pz\u0151-nevel\u0151 munk\u00e1nkat.<\/strong><\/p>\n<p style=\"text-align: justify;\">Engedj\u00e9k meg, hogy az al\u00e1bbi el\u00e9rhet\u0151s\u00e9g alatt megtekinthet\u0151 r\u00f6vid, fot\u00f3kkal illusztr\u00e1lt t\u00e1j\u00e9koztat\u00f3 anyaggal mutassuk be azt, hogy az elm\u00falt \u00e9vekben \u00d6n\u00f6kt\u0151l kapott t\u00e1mogat\u00e1sokat mire ford\u00edtottuk, hogy n\u00e9z ki Akad\u00e9mi\u00e1nk jelenleg \u00e9s milyen konkr\u00e9t terveink vannak a j\u00f6v\u0151re n\u00e9zve:<\/p>\n<p><a href=\"https:\/\/flipbookpdf.net\/web\/site\/7775243797d3bb0983a1c5929b43490225806af1202101.pdf.html\" target=\"_blank\" rel=\"noopener noreferrer\">https:\/\/flipbookpdf.net\/web\/site\/7775243797d3bb0983a1c5929b43490225806af1202101.pdf.html<\/a><\/p>\n<p style=\"text-align: justify;\">A m\u0171k\u00f6d\u00e9s\u00fcnkh\u00f6z, fejl\u0151d\u00e9s\u00fcnkh\u00f6z n\u00e9lk\u00fcl\u00f6zhetetlen t\u00e1mogat\u00e1sukat \u00e9s egy\u00fcttm\u0171k\u00f6d\u00e9s\u00fcket a gyerekek nev\u00e9ben ez\u00faton is nagyon sz\u00e9pen k\u00f6sz\u00f6nj\u00fck!<\/p>\n<p style=\"text-align: justify;\"><strong>K\u00e9rj\u00fck, amennyiben c\u00e9g\u00fck lehet\u0151s\u00e9gei engedik, az idei \u00e9vben is t\u00e1mogass\u00e1k Akad\u00e9mi\u00e1nk m\u0171k\u00f6d\u00e9s\u00e9t-fejl\u0151d\u00e9s\u00e9t, a tehets\u00e9ges, sportolni v\u00e1gy\u00f3 gyerekek k\u00e9pz\u00e9si-nevel\u00e9si k\u00f6rnyezet\u00e9nek fejleszt\u00e9s\u00e9t!<\/strong><\/p>\n<p style=\"text-align: justify;\"><em>Sportbar\u00e1ti \u00fcdv\u00f6zlettel:<\/em><\/p>\n<p style=\"text-align: justify;\"><strong>Dr. Kov\u00e1cs Mih\u00e1ly, eln\u00f6k<\/strong><br \/>\nB\u00e9k\u00e9scsaba Labdar\u00fag\u00f3 Akad\u00e9mia<\/p>\n<p style=\"text-align: center;\"><img decoding=\"async\" class=\"alignnone size-full wp-image-34\" src=\"https:\/\/bcsla.hu\/site\/wp-content\/uploads\/2017\/03\/line_purple.png\" alt=\"\" width=\"680\" height=\"1\" srcset=\"https:\/\/bcsla.hu\/site\/wp-content\/uploads\/2017\/03\/line_purple.png 680w, https:\/\/bcsla.hu\/site\/wp-content\/uploads\/2017\/03\/line_purple-150x1.png 150w, https:\/\/bcsla.hu\/site\/wp-content\/uploads\/2017\/03\/line_purple-300x1.png 300w, https:\/\/bcsla.hu\/site\/wp-content\/uploads\/2017\/03\/line_purple-292x1.png 292w, https:\/\/bcsla.hu\/site\/wp-content\/uploads\/2017\/03\/line_purple-100x1.png 100w, https:\/\/bcsla.hu\/site\/wp-content\/uploads\/2017\/03\/line_purple-50x1.png 50w, https:\/\/bcsla.hu\/site\/wp-content\/uploads\/2017\/03\/line_purple-25x1.png 25w, https:\/\/bcsla.hu\/site\/wp-content\/uploads\/2017\/03\/line_purple-90x1.png 90w\" sizes=\"(max-width: 680px) 100vw, 680px\" \/><\/p>\n<p style=\"text-align: justify;\"><strong>Kapcsol\u00f3d\u00f3 hivatkoz\u00e1s:<\/strong><br \/>\n<a href=\"https:\/\/bcsla.hu\/site\/tarsasagi-ado\/\">https:\/\/bcsla.hu\/site\/tarsasagi-ado\/<\/a><\/p>\n","protected":false},"excerpt":{"rendered":"<p>Az elm\u00falt \u00e9vek k\u00f6z\u00f6s munk\u00e1j\u00e1nak eredm\u00e9nyek\u00e9ppen k\u00f6zel 500 gyereket foglalkoztat\u00f3 ut\u00e1np\u00f3tl\u00e1sb\u00e1zis ker\u00fclt fel\u00e9p\u00edt\u00e9sre B\u00e9k\u00e9scsab\u00e1n. B\u00e1r a tavalyi \u00e9vben kialakult j\u00e1rv\u00e1nyhelyzet Akad\u00e9mi\u00e1nk \u00e9let\u00e9t is sz\u00e1mos ter\u00fcleten befoly\u00e1solta, az \u00d6n\u00f6k seg\u00edts\u00e9g\u00e9vel m\u00e9g ebben a neh\u00e9z helyzetben is helyt tudtunk \u00e1llni, \u00e9s tov\u00e1bb tudtuk folytatni magas sz\u00ednvonal\u00fa ut\u00e1np\u00f3tl\u00e1s k\u00e9pz\u0151-nevel\u0151 munk\u00e1nkat. Engedj\u00e9k meg, hogy az al\u00e1bbi el\u00e9rhet\u0151s\u00e9g alatt megtekinthet\u0151 [&hellip;]<\/p>\n","protected":false},"author":1,"featured_media":0,"comment_status":"closed","ping_status":"closed","sticky":false,"template":"","format":"standard","meta":{"footnotes":""},"categories":[1],"tags":[617,618,606,16,32,267],"class_list":["post-7365","post","type-post","status-publish","format-standard","hentry","category-hirek","tag-partner","tag-tamogato","tag-606","tag-bekescsaba-labdarugo-akademia","tag-beszamolo","tag-tao"],"publishpress_future_action":{"enabled":false,"date":"2026-05-06 20:45:09","action":"change-status","newStatus":"draft","terms":[],"taxonomy":"category","extraData":[]},"publishpress_future_workflow_manual_trigger":{"enabledWorkflows":[]},"_links":{"self":[{"href":"https:\/\/bcsla.hu\/site\/wp-json\/wp\/v2\/posts\/7365","targetHints":{"allow":["GET"]}}],"collection":[{"href":"https:\/\/bcsla.hu\/site\/wp-json\/wp\/v2\/posts"}],"about":[{"href":"https:\/\/bcsla.hu\/site\/wp-json\/wp\/v2\/types\/post"}],"author":[{"embeddable":true,"href":"https:\/\/bcsla.hu\/site\/wp-json\/wp\/v2\/users\/1"}],"replies":[{"embeddable":true,"href":"https:\/\/bcsla.hu\/site\/wp-json\/wp\/v2\/comments?post=7365"}],"version-history":[{"count":5,"href":"https:\/\/bcsla.hu\/site\/wp-json\/wp\/v2\/posts\/7365\/revisions"}],"predecessor-version":[{"id":7390,"href":"https:\/\/bcsla.hu\/site\/wp-json\/wp\/v2\/posts\/7365\/revisions\/7390"}],"wp:attachment":[{"href":"https:\/\/bcsla.hu\/site\/wp-json\/wp\/v2\/media?parent=7365"}],"wp:term":[{"taxonomy":"category","embeddable":true,"href":"https:\/\/bcsla.hu\/site\/wp-json\/wp\/v2\/categories?post=7365"},{"taxonomy":"post_tag","embeddable":true,"href":"https:\/\/bcsla.hu\/site\/wp-json\/wp\/v2\/tags?post=7365"}],"curies":[{"name":"wp","href":"https:\/\/api.w.org\/{rel}","templated":true}]}}