{"id":7765,"date":"2021-04-10T10:23:26","date_gmt":"2021-04-10T08:23:26","guid":{"rendered":"https:\/\/bcsla.hu\/site\/?p=7765"},"modified":"2021-04-10T15:21:07","modified_gmt":"2021-04-10T13:21:07","slug":"zte-fc-bekescsaba-1912-elore-se-20210410-u16","status":"publish","type":"post","link":"https:\/\/bcsla.hu\/site\/zte-fc-bekescsaba-1912-elore-se-20210410-u16\/","title":{"rendered":"ZTE FC &#8211; B\u00e9k\u00e9scsaba 1912 El\u0151re SE"},"content":{"rendered":"<p id=\"headerText\" class=\"container_title\"><strong>MLSZ Orsz\u00e1gos U-16\u00a0&#8222;C&#8221; csoport 7. fordul\u00f3<\/strong><\/p>\n<h2>ZTE FC &#8211; B\u00e9k\u00e9scsaba 1912 El\u0151re SE<\/h2>\n<h2>2-2 (0-2)<\/h2>\n<p><span style=\"color: #ff0000;\"><strong>A M\u00c9RK\u0150Z\u00c9S Z\u00c1RT KAPUK M\u00d6G\u00d6TT KER\u00dcLT MEGRENDEZ\u00c9SRE!<\/strong><\/span><\/p>\n<p style=\"text-align: justify;\"><strong>Id\u0151pont:<\/strong>\u00a02021. \u00e1prilis 10. (szombat) 10:00 \u00f3ra<\/p>\n<p style=\"text-align: justify;\"><strong>Helysz\u00edn:<\/strong> Zalaegerszeg, Ifj\u00fas\u00e1gi Sportcentrum<\/p>\n<p style=\"text-align: justify;\"><strong>G\u00f3lszerz\u0151k:<\/strong> Rajsli Tam\u00e1s (1. perc), Ily\u00e9s Br\u00fan\u00f3 (32. perc), N\u00e9meth Marcell (50. perc), Pers Benjamin (89. perc).<\/p>\n<p style=\"text-align: justify;\"><strong>S\u00e1rga lap:<\/strong> Orvos Levente (57. perc).<\/p>\n<p style=\"text-align: justify;\"><img decoding=\"async\" class=\"alignnone size-full wp-image-34 aligncenter\" src=\"https:\/\/bcsla.hu\/site\/wp-content\/uploads\/2017\/03\/line_purple.png\" alt=\"\" width=\"680\" height=\"1\" srcset=\"https:\/\/bcsla.hu\/site\/wp-content\/uploads\/2017\/03\/line_purple.png 680w, https:\/\/bcsla.hu\/site\/wp-content\/uploads\/2017\/03\/line_purple-150x1.png 150w, https:\/\/bcsla.hu\/site\/wp-content\/uploads\/2017\/03\/line_purple-300x1.png 300w, https:\/\/bcsla.hu\/site\/wp-content\/uploads\/2017\/03\/line_purple-292x1.png 292w, https:\/\/bcsla.hu\/site\/wp-content\/uploads\/2017\/03\/line_purple-100x1.png 100w, https:\/\/bcsla.hu\/site\/wp-content\/uploads\/2017\/03\/line_purple-50x1.png 50w, https:\/\/bcsla.hu\/site\/wp-content\/uploads\/2017\/03\/line_purple-25x1.png 25w, https:\/\/bcsla.hu\/site\/wp-content\/uploads\/2017\/03\/line_purple-90x1.png 90w\" sizes=\"(max-width: 680px) 100vw, 680px\" \/><\/p>\n<p style=\"text-align: justify;\"><a class=\"metro-button mtr-small mtr-red mtr-square mtr-alignleft\" href=\"https:\/\/adatbank.mlsz.hu\/match\/54\/0\/23526\/7\/1623622.html\" title=\"\" target=\"_blank\"> Jegyz\u0151k\u00f6nyv <\/a><\/p>\n<p>&nbsp;<\/p>\n","protected":false},"excerpt":{"rendered":"<p>MLSZ Orsz\u00e1gos U-16\u00a0&#8222;C&#8221; csoport 7. fordul\u00f3 ZTE FC &#8211; B\u00e9k\u00e9scsaba 1912 El\u0151re SE 2-2 (0-2) A M\u00c9RK\u0150Z\u00c9S Z\u00c1RT KAPUK M\u00d6G\u00d6TT KER\u00dcLT MEGRENDEZ\u00c9SRE! Id\u0151pont:\u00a02021. \u00e1prilis 10. (szombat) 10:00 \u00f3ra Helysz\u00edn: Zalaegerszeg, Ifj\u00fas\u00e1gi Sportcentrum G\u00f3lszerz\u0151k: Rajsli Tam\u00e1s (1. perc), Ily\u00e9s Br\u00fan\u00f3 (32. perc), N\u00e9meth Marcell (50. perc), Pers Benjamin (89. perc). S\u00e1rga lap: Orvos Levente (57. perc). [&hellip;]<\/p>\n","protected":false},"author":1,"featured_media":0,"comment_status":"closed","ping_status":"closed","sticky":false,"template":"","format":"standard","meta":{"footnotes":""},"categories":[6,524,530],"tags":[650,570,546,526,378,379,56,58,31],"class_list":["post-7765","post","type-post","status-publish","format-standard","hentry","category-eredmenyek","category-524","category-eredmenyek-u16-20202021","tag-aprilis","tag-7-fordulo","tag-1000-ora","tag-526","tag-zte","tag-zalaegerszeg","tag-eredmeny","tag-u16","tag-merkozes"],"publishpress_future_action":{"enabled":false,"date":"2026-05-06 06:48:25","action":"change-status","newStatus":"draft","terms":[],"taxonomy":"category","extraData":[]},"publishpress_future_workflow_manual_trigger":{"enabledWorkflows":[]},"_links":{"self":[{"href":"https:\/\/bcsla.hu\/site\/wp-json\/wp\/v2\/posts\/7765","targetHints":{"allow":["GET"]}}],"collection":[{"href":"https:\/\/bcsla.hu\/site\/wp-json\/wp\/v2\/posts"}],"about":[{"href":"https:\/\/bcsla.hu\/site\/wp-json\/wp\/v2\/types\/post"}],"author":[{"embeddable":true,"href":"https:\/\/bcsla.hu\/site\/wp-json\/wp\/v2\/users\/1"}],"replies":[{"embeddable":true,"href":"https:\/\/bcsla.hu\/site\/wp-json\/wp\/v2\/comments?post=7765"}],"version-history":[{"count":3,"href":"https:\/\/bcsla.hu\/site\/wp-json\/wp\/v2\/posts\/7765\/revisions"}],"predecessor-version":[{"id":7789,"href":"https:\/\/bcsla.hu\/site\/wp-json\/wp\/v2\/posts\/7765\/revisions\/7789"}],"wp:attachment":[{"href":"https:\/\/bcsla.hu\/site\/wp-json\/wp\/v2\/media?parent=7765"}],"wp:term":[{"taxonomy":"category","embeddable":true,"href":"https:\/\/bcsla.hu\/site\/wp-json\/wp\/v2\/categories?post=7765"},{"taxonomy":"post_tag","embeddable":true,"href":"https:\/\/bcsla.hu\/site\/wp-json\/wp\/v2\/tags?post=7765"}],"curies":[{"name":"wp","href":"https:\/\/api.w.org\/{rel}","templated":true}]}}