{"id":8194,"date":"2021-05-24T08:50:03","date_gmt":"2021-05-24T06:50:03","guid":{"rendered":"https:\/\/bcsla.hu\/site\/?p=8194"},"modified":"2021-05-31T05:26:21","modified_gmt":"2021-05-31T03:26:21","slug":"a-hajraban-is-megmaradt-a-motivacio-20210524","status":"publish","type":"post","link":"https:\/\/bcsla.hu\/site\/a-hajraban-is-megmaradt-a-motivacio-20210524\/","title":{"rendered":"A hajr\u00e1ban is megmaradt a motiv\u00e1ci\u00f3"},"content":{"rendered":"<p style=\"text-align: justify;\"><strong>Alig n\u00e9h\u00e1ny m\u00e9rk\u0151z\u00e9s, illetve fordul\u00f3 maradt h\u00e1tra a koroszt\u00e1lyos bajnoks\u00e1gokb\u00f3l, de a B\u00e9k\u00e9scsaba Labdar\u00fag\u00f3 Akad\u00e9mia csapatai tov\u00e1bbra is kiemelked\u0151 motiv\u00e1ci\u00f3val \u00e9s lelkesed\u00e9ssel folytatj\u00e1k programjukat.<\/strong><\/p>\n<p style=\"text-align: center;\"><img fetchpriority=\"high\" decoding=\"async\" class=\"alignnone wp-image-8200 size-full\" title=\"B\u00e9k\u00e9scsaba 1912 El\u0151re - Grosics Akad\u00e9mia\" src=\"https:\/\/bcsla.hu\/site\/wp-content\/uploads\/2021\/05\/20210515_elore_grosics_u15.jpg\" alt=\"\" width=\"680\" height=\"453\" srcset=\"https:\/\/bcsla.hu\/site\/wp-content\/uploads\/2021\/05\/20210515_elore_grosics_u15.jpg 680w, https:\/\/bcsla.hu\/site\/wp-content\/uploads\/2021\/05\/20210515_elore_grosics_u15-300x200.jpg 300w, https:\/\/bcsla.hu\/site\/wp-content\/uploads\/2021\/05\/20210515_elore_grosics_u15-100x67.jpg 100w, https:\/\/bcsla.hu\/site\/wp-content\/uploads\/2021\/05\/20210515_elore_grosics_u15-50x33.jpg 50w, https:\/\/bcsla.hu\/site\/wp-content\/uploads\/2021\/05\/20210515_elore_grosics_u15-25x17.jpg 25w, https:\/\/bcsla.hu\/site\/wp-content\/uploads\/2021\/05\/20210515_elore_grosics_u15-90x60.jpg 90w, https:\/\/bcsla.hu\/site\/wp-content\/uploads\/2021\/05\/20210515_elore_grosics_u15-250x167.jpg 250w, https:\/\/bcsla.hu\/site\/wp-content\/uploads\/2021\/05\/20210515_elore_grosics_u15-225x150.jpg 225w\" sizes=\"(max-width: 680px) 100vw, 680px\" \/><\/p>\n<p style=\"text-align: justify;\">Az elm\u00falt h\u00e9ten (m\u00e1jus 17 \u00e9s 23. k\u00f6z\u00f6tt) is t\u00edz alkalommal l\u00e9ptek p\u00e1ly\u00e1ra akad\u00e9mist\u00e1ink \u00e9s az eredm\u00e9nyekb\u0151l is l\u00e1tszik, hogy akaratb\u00f3l \u00e9s a harci szellemb\u0151l is maradtak tartal\u00e9kok a v\u00e9g\u00e9re.<\/p>\n<p style=\"text-align: justify;\">Az <strong>U12-es koroszt\u00e1ly<\/strong> legut\u00f3bbi \u00f6sszecsap\u00e1s\u00e1n d\u00f6ntetlent \u00e9rt el a szolnokiak ellen, \u00edgy k\u00e9t fordul\u00f3val a v\u00e9ge el\u0151tt, 11 gy\u0151zelem, 1 d\u00f6ntetlen, 6 veres\u00e9g, valamint 46 pont birtok\u00e1ban a t\u00e1bl\u00e1zat \u00f6t\u00f6dik hely\u00e9r\u0151l v\u00e1rhatja a befejez\u00e9st.<\/p>\n<p style=\"text-align: justify;\">A <strong>tizenh\u00e1rom \u00e9v alattiak<\/strong> koroszt\u00e1ly\u00e1ban szint\u00e9n k\u00e9t\u00a0felvon\u00e1s\u00a0maradt vissza, \u00e9s legut\u00f3bbi Szolnok elleni m\u00e9rk\u0151z\u00e9sen siker\u00fclt tov\u00e1bb kozmetik\u00e1zni az eddig el\u00e9rt eredm\u00e9nyt. A nagyar\u00e1ny\u00fa 9-3-as sikerrel, valamint az eddig \u00f6sszegy\u0171jt\u00f6tt 16 gy\u0151zelemmel, 1 d\u00f6ntetlennel, 6 veres\u00e9ggel meger\u0151s\u00edtett\u00e9k a negyedik helyez\u00e9st.<\/p>\n<p style=\"text-align: justify;\"><strong>U14-es csapatunk<\/strong> v\u00e9gig versenyben volt a bajnoki c\u00edm\u00e9rt, ezen a h\u00e9tv\u00e9g\u00e9n azonban matematikailag is eld\u0151lt, hogy ez\u00fattal be kell \u00e9rni\u00fck a\u00a0m\u00e1sodik helyez\u00e9ssel. A v\u00e9gig kiegyens\u00falyozott teljes\u00edtm\u00e9nyt ny\u00fajt\u00f3 akad\u00e9mist\u00e1k sors\u00e1t egyetlen meging\u00e1s, a gyulai Grosics Akad\u00e9mia elleni 1-0-\u00e1s veres\u00e9g pecs\u00e9telte meg, hiszen a f\u0151 riv\u00e1lis Szeged-Csan\u00e1d Grosics Akad\u00e9mia nem hib\u00e1zott \u00e9s a legut\u00f3bbi DAFC Bord\u00e1ny elleni ki\u00fct\u00e9ses gy\u0151zelm\u00fcknek (7-0) k\u00f6sz\u00f6nhet\u0151en biztos\u00edtott\u00e1k bajnoki c\u00edm\u00fcket. Ett\u0151l f\u00fcggetlen\u00fcl az el\u00e9rt eredm\u00e9ny megs\u00fcvegelend\u0151, \u00e9s az ez\u00fcst \u00e9rem is sz\u00e9pen csillog, hiszen a 24 gy\u0151zelmet, 2 d\u00f6ntetlent, a mind\u00f6ssze egyetlen veres\u00e9get, valamint az ezekkel egy\u00fctt j\u00e1r\u00f3 74 bajnoki pontot nem a sz\u00e9l f\u00fajta \u00f6ssze.<\/p>\n<p style=\"text-align: justify;\">A <strong>tizen\u00f6t \u00e9v alattiak<\/strong> <a href=\"https:\/\/bcsla.hu\/site\/hajraban-szerzett-golokkal-aranyermesek-a-csabai-fiuk-20210515\/\" target=\"_blank\" rel=\"noopener noreferrer\">m\u00e1jus 15-\u00e9n<\/a> m\u00e1r megnyert\u00e9k a bajnoks\u00e1got, ez\u00e1ltal j\u00f6v\u0151re egy koroszt\u00e1llyal feljebb, az els\u0151 oszt\u00e1ly\u00fa alapszakaszban folytathatj\u00e1k. Ny\u00e9ki Boldizs\u00e1r neveltjei sz\u00e1m\u00e1ra tov\u00e1bbi c\u00e9l a sz\u00e1zsz\u00e1zal\u00e9kos\u00a0szezon el\u00e9r\u00e9se, ami\u00e9rt l\u00e1that\u00f3an mindent meg is tesznek, hiszen m\u00e1jus 21-\u00e9n az OMTK-ULE 1913 koroszt\u00e1lyos csapat\u00e1t fektett\u00e9k k\u00e9t v\u00e1llra (0-6).<\/p>\n<p style=\"text-align: justify;\"><strong>U16-os koroszt\u00e1ly\u00fa le\u00e1nyaink<\/strong> sz\u00e1m\u00e1ra 2021. m\u00e1jus 2-\u00e1n v\u00e9get \u00e9rt az id\u00e9ny, az edz\u00e9sek azonban eg\u00e9szen m\u00e1jus v\u00e9g\u00e9ig folytat\u00f3dnak. Az el\u0151rel\u00e9p\u00e9s l\u00e1that\u00f3 \u00e9s tapasztalhat\u00f3, hiszen a 18 fordul\u00f3b\u00f3l \u00e1ll\u00f3, t\u00edzcsapatos bajnoks\u00e1g hetedik hely\u00e9n v\u00e9geztek (5 gy\u0151zelem, 2 d\u00f6ntetlen, 11 veres\u00e9g, 17 pont), \u00e9s maguk m\u00f6g\u00e9 sorolt\u00e1k a Kecskem\u00e9t, az \u00dcll\u0151, valamint a DEAC csapatait is. A tanul\u00e1si id\u0151szaknak ezzel valamilyen szinten v\u00e9ge, \u00edgy a j\u00f6v\u0151re n\u00e9zve tal\u00e1n komolyabb c\u00e9lok meghat\u00e1roz\u00e1sa is lehets\u00e9gess\u00e9 v\u00e1lik.<\/p>\n<p style=\"text-align: justify;\">K\u00e9ri Roland tan\u00edtv\u00e1nyai a <strong>tizenhat \u00e9v<\/strong> alattiak Orsz\u00e1gos &#8222;C&#8221; Csoportj\u00e1ban egy fordul\u00f3val a v\u00e9ge el\u0151tt az ez\u00fcst\u00e9rem megszerz\u00e9s\u00e9\u00e9rt \u00e1llnak harcban. Az utols\u00f3 felvon\u00e1sban hatpontos rangad\u00f3ra van kil\u00e1t\u00e1s a harmadik helyen \u00e1ll\u00f3 ZTE FC ellen, \u00e9s m\u00e1r egy d\u00f6ntetlen is elegend\u0151 lenne m\u00e1sodik hely meg\u0151rz\u00e9s\u00e9hez.<\/p>\n<p style=\"text-align: justify;\"><strong>U17-es<\/strong> egy\u00fcttes\u00fcnk sz\u00e1m\u00e1ra is egyetlen \u00f6sszecsap\u00e1s maradt vissza \u00e9s \u00f6sszess\u00e9g\u00e9ben elmondhat\u00f3, hogy a hektikus szezon (4 gy\u0151zelem, 3 d\u00f6ntetlen, 6 veres\u00e9g, valamint 20 pont) ellen\u00e9re a bronz\u00e9rem m\u00e9g el\u00e9rhet\u0151 maradt sz\u00e1mukra. Ehhez viszont olyan brav\u00farra lesz sz\u00fcks\u00e9g az utols\u00f3 fordul\u00f3ban a listavezet\u0151 ZTE ellen, mint k\u00e9t fordul\u00f3val ezel\u0151tt a jelenleg m\u00e1sodik Kaposv\u00e1rral szemben (2-0). A legut\u00f3bbi Szeged elleni 2-2-es d\u00f6ntetlennel egy pontnyira ell\u00e9ptek az \u00fcld\u00f6z\u0151 Budai FC-t\u0151l, de az \u00fcdv\u00f6ss\u00e9g el\u00e9r\u00e9s\u00e9hez csak egy nagyszer\u0171 gy\u0151zelem tarthatn\u00e1 \u00e9letben az es\u00e9lyeket.\u00a0 Ett\u0151l f\u00fcggetlen\u00fcl, mivel\u00a0a k\u00f6zvetlen riv\u00e1lis Budai Futball Club SE k\u00e9t fordul\u00f3val kevesebbet teljes\u00edtett, ez\u00e9rt sorozatban hib\u00e1zniuk kellene, hogy \u00f6sszej\u00f6hessen a harmadik hely.<\/p>\n<p style=\"text-align: justify;\"><strong>U19-es le\u00e1nyaink<\/strong>\u00a0n\u00e9mileg elfogytak a v\u00e9g\u00e9re, ezzel egy\u00fctt ebben a korcsoportban is pozit\u00edv ir\u00e1nyba t\u00f6rt\u00e9n\u0151 elmozdul\u00e1s volt tapasztalhat\u00f3. A Cegl\u00e9d \u00e9s a Tiszak\u00e9cske egy\u00fctteseit maguk m\u00f6g\u00e9 utas\u00edtva, 6 gy\u0151zelem, 3 d\u00f6ntetlen, 12 veres\u00e9g, valamint 21 szerzett pont birtok\u00e1ban a 7. poz\u00edci\u00f3t siker\u00fclt megszerezni a t\u00edzcsapatos bajnoks\u00e1gban. K\u00e9t egy\u00fcttes is kil\u00f3gott felfel\u00e9 a sorb\u00f3l, hiszen a Gyulai Amazonok hib\u00e1tlan m\u00e9rleggel lettek bajnokok, de a Kiskunf\u00e9legyh\u00e1za is j\u00f3csk\u00e1n t\u00f6bb bajnoki pontot gy\u0171jt\u00f6tt a t\u00f6bbiekn\u00e9l.\u00a0\u00d6sszess\u00e9g\u00e9ben elmondhat\u00f3, hogy le\u00e1nyaink sz\u00e9pen helyt\u00e1lltak \u00e9s lehet\u0151s\u00e9geikhez m\u00e9rten megfelel\u0151 teljes\u00edtm\u00e9nyt ny\u00fajtottak.<\/p>\n<p style=\"text-align: justify;\">A folyamatos probl\u00e9m\u00e1kkal \u00e9s hi\u00e1nyz\u00f3kkal k\u00fczd\u0151 <strong>U19-es<\/strong> csapatunk l\u00e1that\u00f3an igyekszik m\u00e9g a v\u00e9g\u00e9n kozmetik\u00e1zni az eredm\u00e9nyt, hiszen a legut\u00f3bbi fordul\u00f3ban a Kaposv\u00e1r ellen \u00e9rt el 2-2-es d\u00f6ntetlent, de ezt az id\u00e9nyt sajnos a j\u00e1rv\u00e1ny-helyzeti \u00e9rintetts\u00e9g\u00fck, valamint a felfel\u00e9 j\u00e1tsz\u00f3 (Megyei I. oszt\u00e1ly \u00e9s NB2) meghat\u00e1roz\u00f3 j\u00e1t\u00e9kosok hi\u00e1nya m\u00e1r kor\u00e1bban megpecs\u00e9telte (1 gy\u0151zelem, 3 d\u00f6ntetlen, 9 veres\u00e9g \u00e9s 9 pont). B\u00e1r a\u00a0sereghajt\u00f3 poz\u00edci\u00f3\u00a0sajnos m\u00e1r v\u00e9glegess\u00e9 v\u00e1lt sz\u00e1mukra a nyolccsapatos C-csoportban, de az utols\u00f3 Gyirm\u00f3t elleni m\u00e9rk\u0151z\u00e9sen\u00a0egy v\u00e1llalhat\u00f3 eredm\u00e9ny m\u00e1r csak az \u00f6nbizalom szempontj\u00e1b\u00f3l sem lenne l\u00e9nyegtelen.<\/p>\n","protected":false},"excerpt":{"rendered":"<p>Alig n\u00e9h\u00e1ny m\u00e9rk\u0151z\u00e9s, illetve fordul\u00f3 maradt h\u00e1tra a koroszt\u00e1lyos bajnoks\u00e1gokb\u00f3l, de a B\u00e9k\u00e9scsaba Labdar\u00fag\u00f3 Akad\u00e9mia csapatai tov\u00e1bbra is kiemelked\u0151 motiv\u00e1ci\u00f3val \u00e9s lelkesed\u00e9ssel folytatj\u00e1k programjukat. Az elm\u00falt h\u00e9ten (m\u00e1jus 17 \u00e9s 23. k\u00f6z\u00f6tt) is t\u00edz alkalommal l\u00e9ptek p\u00e1ly\u00e1ra akad\u00e9mist\u00e1ink \u00e9s az eredm\u00e9nyekb\u0151l is l\u00e1tszik, hogy akaratb\u00f3l \u00e9s a harci szellemb\u0151l is maradtak tartal\u00e9kok a v\u00e9g\u00e9re. Az [&hellip;]<\/p>\n","protected":false},"author":1,"featured_media":0,"comment_status":"closed","ping_status":"closed","sticky":false,"template":"","format":"standard","meta":{"footnotes":""},"categories":[8,602],"tags":[662,526,16,32,56,31],"class_list":["post-8194","post","type-post","status-publish","format-standard","hentry","category-archiv","category-archivum-2021","tag-majus","tag-526","tag-bekescsaba-labdarugo-akademia","tag-beszamolo","tag-eredmeny","tag-merkozes"],"publishpress_future_action":{"enabled":false,"date":"2026-05-06 17:39:49","action":"change-status","newStatus":"draft","terms":[],"taxonomy":"category","extraData":[]},"publishpress_future_workflow_manual_trigger":{"enabledWorkflows":[]},"_links":{"self":[{"href":"https:\/\/bcsla.hu\/site\/wp-json\/wp\/v2\/posts\/8194","targetHints":{"allow":["GET"]}}],"collection":[{"href":"https:\/\/bcsla.hu\/site\/wp-json\/wp\/v2\/posts"}],"about":[{"href":"https:\/\/bcsla.hu\/site\/wp-json\/wp\/v2\/types\/post"}],"author":[{"embeddable":true,"href":"https:\/\/bcsla.hu\/site\/wp-json\/wp\/v2\/users\/1"}],"replies":[{"embeddable":true,"href":"https:\/\/bcsla.hu\/site\/wp-json\/wp\/v2\/comments?post=8194"}],"version-history":[{"count":5,"href":"https:\/\/bcsla.hu\/site\/wp-json\/wp\/v2\/posts\/8194\/revisions"}],"predecessor-version":[{"id":8209,"href":"https:\/\/bcsla.hu\/site\/wp-json\/wp\/v2\/posts\/8194\/revisions\/8209"}],"wp:attachment":[{"href":"https:\/\/bcsla.hu\/site\/wp-json\/wp\/v2\/media?parent=8194"}],"wp:term":[{"taxonomy":"category","embeddable":true,"href":"https:\/\/bcsla.hu\/site\/wp-json\/wp\/v2\/categories?post=8194"},{"taxonomy":"post_tag","embeddable":true,"href":"https:\/\/bcsla.hu\/site\/wp-json\/wp\/v2\/tags?post=8194"}],"curies":[{"name":"wp","href":"https:\/\/api.w.org\/{rel}","templated":true}]}}