{"id":8410,"date":"2021-09-04T07:21:50","date_gmt":"2021-09-04T05:21:50","guid":{"rendered":"https:\/\/bcsla.hu\/site\/?p=8410"},"modified":"2021-09-05T11:12:25","modified_gmt":"2021-09-05T09:12:25","slug":"bekescsaba-1912-elore-se-sajovolgye-focisuli-20210904-u14","status":"publish","type":"post","link":"https:\/\/bcsla.hu\/site\/bekescsaba-1912-elore-se-sajovolgye-focisuli-20210904-u14\/","title":{"rendered":"B\u00e9k\u00e9scsaba 1912 El\u0151re SE &#8211; Saj\u00f3v\u00f6lgye Focisuli"},"content":{"rendered":"<p class=\"container_title\"><strong>MLSZ Orsz\u00e1gos U14 Alap csoport Kelet 2. fordul\u00f3<\/strong><\/p>\n<h2>B\u00e9k\u00e9scsaba 1912 El\u0151re SE &#8211; Saj\u00f3v\u00f6lgye Focisuli<\/h2>\n<h2>10-2 (2-2)<\/h2>\n<p style=\"text-align: justify;\"><span style=\"color: #ff0000;\"><strong>BEL\u00c9P\u00c9S 18 \u00c9VEN FEL\u00dcLIEKNEK CSAK V\u00c9DETTS\u00c9GI IGAZOLV\u00c1NNYAL, VAGY AZ AZT HELYETTES\u00cdT\u0150 EESZT APPLIK\u00c1CI\u00d3VAL!<\/strong><\/span><\/p>\n<p><strong>Id\u0151pont:<\/strong>\u00a02021. szeptember 4. (szombat) 12:00 \u00f3ra<\/p>\n<p style=\"text-align: justify;\"><strong>Helysz\u00edn:<\/strong>\u00a0B\u00e9k\u00e9scsaba, B\u00e9k\u00e9scsaba Labdar\u00fag\u00f3 Akad\u00e9mia<\/p>\n<p style=\"text-align: justify;\"><strong>G\u00f3lszerz\u0151k:<\/strong> Hoffmann Attila (13. perc), Herb\u00e1k Botond (27. perc), Giczey Tam\u00e1s Istv\u00e1n (29., 51., 63., 67., 70., 74. \u00e9s 77. perc), Varga Rich\u00e1rd (30. perc), Benyovszki \u00c1d\u00e1m B\u00e1lint (71. perc), Paulik \u00c1ron M\u00e1t\u00e9 (79. perc).<\/p>\n<p style=\"text-align: justify;\"><strong>S\u00e1rga lap:<\/strong> Fazekas Levente Lajos (73. perc).<\/p>\n<p style=\"text-align: center;\"><img decoding=\"async\" class=\"alignnone size-full wp-image-34\" src=\"https:\/\/bcsla.hu\/site\/wp-content\/uploads\/2017\/03\/line_purple.png\" alt=\"\" width=\"680\" height=\"1\" srcset=\"https:\/\/bcsla.hu\/site\/wp-content\/uploads\/2017\/03\/line_purple.png 680w, https:\/\/bcsla.hu\/site\/wp-content\/uploads\/2017\/03\/line_purple-150x1.png 150w, https:\/\/bcsla.hu\/site\/wp-content\/uploads\/2017\/03\/line_purple-300x1.png 300w, https:\/\/bcsla.hu\/site\/wp-content\/uploads\/2017\/03\/line_purple-292x1.png 292w, https:\/\/bcsla.hu\/site\/wp-content\/uploads\/2017\/03\/line_purple-100x1.png 100w, https:\/\/bcsla.hu\/site\/wp-content\/uploads\/2017\/03\/line_purple-50x1.png 50w, https:\/\/bcsla.hu\/site\/wp-content\/uploads\/2017\/03\/line_purple-25x1.png 25w, https:\/\/bcsla.hu\/site\/wp-content\/uploads\/2017\/03\/line_purple-90x1.png 90w\" sizes=\"(max-width: 680px) 100vw, 680px\" \/><\/p>\n<p style=\"text-align: justify;\"><strong>D\u00fcrg\u0151 P\u00e9ter, edz\u0151:<\/strong>\u00a0<em>\u2013 \u00d6r\u00fcl\u00f6k, hogy v\u00e9gre bajnoki m\u00e9rk\u0151z\u00e9st j\u00e1tszottunk, mert nagyon v\u00e1rta m\u00e1r az eg\u00e9sz csapat. Szerett\u00fcnk volna nagy temp\u00f3t dikt\u00e1lni, r\u00e1er\u0151ltetni az\u00a0<\/em><em>akaratunkat az ellenf\u00e9lre, ami \u00fagy gondolom siker\u00fclt is, de rem\u00e9lem ezt a j\u00f6v\u0151ben tudjuk m\u00e9g majd fokozni. Az els\u0151 j\u00e1t\u00e9kr\u00e9szben a j\u00e1t\u00e9kunkkal alapvet\u0151en nem volt gond, a kapu el\u0151tt pontatlanok voltunk \u00e9s k\u00e9t meging\u00e1sunkat kihaszn\u00e1lta az ellenf\u00e9l, \u00edgy d\u00f6ntetlennel mehett\u00fcnk a sz\u00fcnetre. Mindenk\u00e9ppen\u00a0 pozit\u00edv, hogy a m\u00e1sodik f\u00e9lid\u0151ben is nagyon j\u00f3 mentalit\u00e1ssal \u00e1lltunk bele \u00e9s a helyzetkihaszn\u00e1l\u00e1sunkon is jav\u00edtani tudtunk.<\/em><\/p>\n<p style=\"text-align: justify;\"><img decoding=\"async\" class=\"alignnone size-full wp-image-34 aligncenter\" src=\"https:\/\/bcsla.hu\/site\/wp-content\/uploads\/2017\/03\/line_purple.png\" alt=\"\" width=\"680\" height=\"1\" srcset=\"https:\/\/bcsla.hu\/site\/wp-content\/uploads\/2017\/03\/line_purple.png 680w, https:\/\/bcsla.hu\/site\/wp-content\/uploads\/2017\/03\/line_purple-150x1.png 150w, https:\/\/bcsla.hu\/site\/wp-content\/uploads\/2017\/03\/line_purple-300x1.png 300w, https:\/\/bcsla.hu\/site\/wp-content\/uploads\/2017\/03\/line_purple-292x1.png 292w, https:\/\/bcsla.hu\/site\/wp-content\/uploads\/2017\/03\/line_purple-100x1.png 100w, https:\/\/bcsla.hu\/site\/wp-content\/uploads\/2017\/03\/line_purple-50x1.png 50w, https:\/\/bcsla.hu\/site\/wp-content\/uploads\/2017\/03\/line_purple-25x1.png 25w, https:\/\/bcsla.hu\/site\/wp-content\/uploads\/2017\/03\/line_purple-90x1.png 90w\" sizes=\"(max-width: 680px) 100vw, 680px\" \/><\/p>\n<p style=\"text-align: justify;\"><a class=\"metro-button mtr-small mtr-red mtr-square mtr-alignleft\" href=\"http:\/\/ada1bank.mlsz.hu\/match?itemId=1668064&#038;evad=56&#038;szervezet=0&#038;verseny=24333&#038;fordulo=2\" title=\"\" target=\"_blank\"> Jegyz\u0151k\u00f6nyv <\/a><\/p>\n<p>&nbsp;<\/p>\n","protected":false},"excerpt":{"rendered":"<p>MLSZ Orsz\u00e1gos U14 Alap csoport Kelet 2. fordul\u00f3 B\u00e9k\u00e9scsaba 1912 El\u0151re SE &#8211; Saj\u00f3v\u00f6lgye Focisuli 10-2 (2-2) BEL\u00c9P\u00c9S 18 \u00c9VEN FEL\u00dcLIEKNEK CSAK V\u00c9DETTS\u00c9GI IGAZOLV\u00c1NNYAL, VAGY AZ AZT HELYETTES\u00cdT\u0150 EESZT APPLIK\u00c1CI\u00d3VAL! Id\u0151pont:\u00a02021. szeptember 4. (szombat) 12:00 \u00f3ra Helysz\u00edn:\u00a0B\u00e9k\u00e9scsaba, B\u00e9k\u00e9scsaba Labdar\u00fag\u00f3 Akad\u00e9mia G\u00f3lszerz\u0151k: Hoffmann Attila (13. perc), Herb\u00e1k Botond (27. perc), Giczey Tam\u00e1s Istv\u00e1n (29., 51., 63., [&hellip;]<\/p>\n","protected":false},"author":1,"featured_media":0,"comment_status":"closed","ping_status":"closed","sticky":false,"template":"","format":"standard","meta":{"footnotes":""},"categories":[6,684,690],"tags":[694,642,548,543,539,118,56,31],"class_list":["post-8410","post","type-post","status-publish","format-standard","hentry","category-eredmenyek","category-684","category-eredmenyek-u14","tag-sajovolgye-focisuli","tag-642","tag-1200-ora","tag-szeptember","tag-2-fordulo","tag-u14","tag-eredmeny","tag-merkozes"],"publishpress_future_action":{"enabled":false,"date":"2026-05-06 22:07:55","action":"change-status","newStatus":"draft","terms":[],"taxonomy":"category","extraData":[]},"publishpress_future_workflow_manual_trigger":{"enabledWorkflows":[]},"_links":{"self":[{"href":"https:\/\/bcsla.hu\/site\/wp-json\/wp\/v2\/posts\/8410","targetHints":{"allow":["GET"]}}],"collection":[{"href":"https:\/\/bcsla.hu\/site\/wp-json\/wp\/v2\/posts"}],"about":[{"href":"https:\/\/bcsla.hu\/site\/wp-json\/wp\/v2\/types\/post"}],"author":[{"embeddable":true,"href":"https:\/\/bcsla.hu\/site\/wp-json\/wp\/v2\/users\/1"}],"replies":[{"embeddable":true,"href":"https:\/\/bcsla.hu\/site\/wp-json\/wp\/v2\/comments?post=8410"}],"version-history":[{"count":4,"href":"https:\/\/bcsla.hu\/site\/wp-json\/wp\/v2\/posts\/8410\/revisions"}],"predecessor-version":[{"id":8441,"href":"https:\/\/bcsla.hu\/site\/wp-json\/wp\/v2\/posts\/8410\/revisions\/8441"}],"wp:attachment":[{"href":"https:\/\/bcsla.hu\/site\/wp-json\/wp\/v2\/media?parent=8410"}],"wp:term":[{"taxonomy":"category","embeddable":true,"href":"https:\/\/bcsla.hu\/site\/wp-json\/wp\/v2\/categories?post=8410"},{"taxonomy":"post_tag","embeddable":true,"href":"https:\/\/bcsla.hu\/site\/wp-json\/wp\/v2\/tags?post=8410"}],"curies":[{"name":"wp","href":"https:\/\/api.w.org\/{rel}","templated":true}]}}