{"id":8524,"date":"2021-09-19T07:31:48","date_gmt":"2021-09-19T05:31:48","guid":{"rendered":"https:\/\/bcsla.hu\/site\/?p=8524"},"modified":"2021-09-19T07:31:48","modified_gmt":"2021-09-19T05:31:48","slug":"szeged-csanad-grosics-akademia-bekescsaba-1912-elore-se-20210918-u13","status":"publish","type":"post","link":"https:\/\/bcsla.hu\/site\/szeged-csanad-grosics-akademia-bekescsaba-1912-elore-se-20210918-u13\/","title":{"rendered":"Szeged-Csan\u00e1d Grosics Akad\u00e9mia &#8211; B\u00e9k\u00e9scsaba 1912 El\u0151re SE"},"content":{"rendered":"<p id=\"headerText\" class=\"container_title\"><strong>MLSZ Orsz\u00e1gos U13 D\u00e9l-Kelet 3. fordul\u00f3<\/strong><\/p>\n<h2>Szeged-Csan\u00e1d Grosics Akad\u00e9mia &#8211; B\u00e9k\u00e9scsaba 1912 El\u0151re SE<\/h2>\n<h2>3-4 (1-3)<\/h2>\n<p style=\"text-align: justify;\"><span style=\"color: #ff0000;\"><strong>BEL\u00c9P\u00c9S 18 \u00c9VEN FEL\u00dcLIEKNEK CSAK V\u00c9DETTS\u00c9GI IGAZOLV\u00c1NNYAL, VAGY AZ AZT HELYETTES\u00cdT\u0150 EESZT APPLIK\u00c1CI\u00d3VAL!<\/strong><\/span><\/p>\n<p style=\"text-align: justify;\"><strong>Id\u0151pont:<\/strong>\u00a02021. szeptember 18. (szombat) 10:00 \u00f3ra<\/p>\n<p style=\"text-align: justify;\"><strong>Helysz\u00edn:<\/strong> Szeged, Szent Gell\u00e9rt F\u00f3rum<\/p>\n<p style=\"text-align: justify;\"><strong>G\u00f3lszerz\u0151k:<\/strong>\u00a0Erdei M\u00e1rk (16. perc), Hajagos Hunor L\u00e1szl\u00f3 (17. perc), Dani Andor Gy\u0151z\u0151 (19. perc), Kal\u00e1n Gergely J\u00f3zsef (27. perc), Szanka Ferenc Miksa (47. perc), Mayer M\u00e1rk\u00f3 Rich\u00e1rd (54. perc), Erdei Zsombor (73. perc).<\/p>\n<p style=\"text-align: justify;\"><strong>S\u00e1rga lapok:<\/strong>\u00a0Boldis L\u00e1szl\u00f3 (33. perc), Hunyadi Levente (51. perc).<\/p>\n<p style=\"text-align: justify;\"><img decoding=\"async\" class=\"alignnone size-full wp-image-34 aligncenter\" src=\"https:\/\/bcsla.hu\/site\/wp-content\/uploads\/2017\/03\/line_purple.png\" alt=\"\" width=\"680\" height=\"1\" srcset=\"https:\/\/bcsla.hu\/site\/wp-content\/uploads\/2017\/03\/line_purple.png 680w, https:\/\/bcsla.hu\/site\/wp-content\/uploads\/2017\/03\/line_purple-150x1.png 150w, https:\/\/bcsla.hu\/site\/wp-content\/uploads\/2017\/03\/line_purple-300x1.png 300w, https:\/\/bcsla.hu\/site\/wp-content\/uploads\/2017\/03\/line_purple-292x1.png 292w, https:\/\/bcsla.hu\/site\/wp-content\/uploads\/2017\/03\/line_purple-100x1.png 100w, https:\/\/bcsla.hu\/site\/wp-content\/uploads\/2017\/03\/line_purple-50x1.png 50w, https:\/\/bcsla.hu\/site\/wp-content\/uploads\/2017\/03\/line_purple-25x1.png 25w, https:\/\/bcsla.hu\/site\/wp-content\/uploads\/2017\/03\/line_purple-90x1.png 90w\" sizes=\"(max-width: 680px) 100vw, 680px\" \/><\/p>\n<p style=\"text-align: justify;\"><a class=\"metro-button mtr-small mtr-red mtr-square mtr-alignleft\" href=\"https:\/\/adatbank.mlsz.hu\/match\/56\/0\/24378\/3\/1670083.html\" title=\"\" target=\"_blank\"> Jegyz\u0151k\u00f6nyv <\/a><\/p>\n<p>&nbsp;<\/p>\n","protected":false},"excerpt":{"rendered":"<p>MLSZ Orsz\u00e1gos U13 D\u00e9l-Kelet 3. fordul\u00f3 Szeged-Csan\u00e1d Grosics Akad\u00e9mia &#8211; B\u00e9k\u00e9scsaba 1912 El\u0151re SE 3-4 (1-3) BEL\u00c9P\u00c9S 18 \u00c9VEN FEL\u00dcLIEKNEK CSAK V\u00c9DETTS\u00c9GI IGAZOLV\u00c1NNYAL, VAGY AZ AZT HELYETTES\u00cdT\u0150 EESZT APPLIK\u00c1CI\u00d3VAL! Id\u0151pont:\u00a02021. szeptember 18. (szombat) 10:00 \u00f3ra Helysz\u00edn: Szeged, Szent Gell\u00e9rt F\u00f3rum G\u00f3lszerz\u0151k:\u00a0Erdei M\u00e1rk (16. perc), Hajagos Hunor L\u00e1szl\u00f3 (17. perc), Dani Andor Gy\u0151z\u0151 (19. perc), Kal\u00e1n [&hellip;]<\/p>\n","protected":false},"author":1,"featured_media":0,"comment_status":"closed","ping_status":"closed","sticky":false,"template":"","format":"standard","meta":{"footnotes":""},"categories":[6,684,691],"tags":[642,546,543,538,56,313,102,31],"class_list":["post-8524","post","type-post","status-publish","format-standard","hentry","category-eredmenyek","category-684","category-eredmenyek-u13","tag-642","tag-1000-ora","tag-szeptember","tag-3-fordulo","tag-eredmeny","tag-szeged-csanad-grosics-akademia","tag-u13","tag-merkozes"],"publishpress_future_action":{"enabled":false,"date":"2026-05-07 00:29:12","action":"change-status","newStatus":"draft","terms":[],"taxonomy":"category","extraData":[]},"publishpress_future_workflow_manual_trigger":{"enabledWorkflows":[]},"_links":{"self":[{"href":"https:\/\/bcsla.hu\/site\/wp-json\/wp\/v2\/posts\/8524","targetHints":{"allow":["GET"]}}],"collection":[{"href":"https:\/\/bcsla.hu\/site\/wp-json\/wp\/v2\/posts"}],"about":[{"href":"https:\/\/bcsla.hu\/site\/wp-json\/wp\/v2\/types\/post"}],"author":[{"embeddable":true,"href":"https:\/\/bcsla.hu\/site\/wp-json\/wp\/v2\/users\/1"}],"replies":[{"embeddable":true,"href":"https:\/\/bcsla.hu\/site\/wp-json\/wp\/v2\/comments?post=8524"}],"version-history":[{"count":1,"href":"https:\/\/bcsla.hu\/site\/wp-json\/wp\/v2\/posts\/8524\/revisions"}],"predecessor-version":[{"id":8525,"href":"https:\/\/bcsla.hu\/site\/wp-json\/wp\/v2\/posts\/8524\/revisions\/8525"}],"wp:attachment":[{"href":"https:\/\/bcsla.hu\/site\/wp-json\/wp\/v2\/media?parent=8524"}],"wp:term":[{"taxonomy":"category","embeddable":true,"href":"https:\/\/bcsla.hu\/site\/wp-json\/wp\/v2\/categories?post=8524"},{"taxonomy":"post_tag","embeddable":true,"href":"https:\/\/bcsla.hu\/site\/wp-json\/wp\/v2\/tags?post=8524"}],"curies":[{"name":"wp","href":"https:\/\/api.w.org\/{rel}","templated":true}]}}