{"id":8555,"date":"2021-09-25T08:58:27","date_gmt":"2021-09-25T06:58:27","guid":{"rendered":"https:\/\/bcsla.hu\/site\/?p=8555"},"modified":"2021-09-25T19:45:09","modified_gmt":"2021-09-25T17:45:09","slug":"szeged-csanad-grosics-akademia-bekescsaba-1912-elore-se-20210925-u15","status":"publish","type":"post","link":"https:\/\/bcsla.hu\/site\/szeged-csanad-grosics-akademia-bekescsaba-1912-elore-se-20210925-u15\/","title":{"rendered":"Szeged-Csan\u00e1d Grosics Akad\u00e9mia &#8211; B\u00e9k\u00e9scsaba 1912 El\u0151re SE"},"content":{"rendered":"<p id=\"headerText\" class=\"container_title\"><strong>MLSZ Region\u00e1lis U15 Kiemelt Kelet 5. fordul\u00f3<\/strong><\/p>\n<h2>Szeged-Csan\u00e1d Grosics Akad\u00e9mia &#8211; B\u00e9k\u00e9scsaba 1912 El\u0151re SE<\/h2>\n<h2>1-5 (0-4)<\/h2>\n<p style=\"text-align: justify;\"><span style=\"color: #ff0000;\"><strong>BEL\u00c9P\u00c9S 18 \u00c9VEN FEL\u00dcLIEKNEK CSAK V\u00c9DETTS\u00c9GI IGAZOLV\u00c1NNYAL, VAGY AZ AZT HELYETTES\u00cdT\u0150 EESZT APPLIK\u00c1CI\u00d3VAL!<\/strong><\/span><\/p>\n<p style=\"text-align: justify;\"><strong>Id\u0151pont:<\/strong>\u00a02021. szeptember 25. (szombat) 10:00 \u00f3ra<\/p>\n<p style=\"text-align: justify;\"><strong>Helysz\u00edn:<\/strong> Gyula, Gyulai Grosics Gyula Akad\u00e9mia<\/p>\n<p style=\"text-align: justify;\"><strong>G\u00f3lszerz\u0151k:<\/strong> V\u00f6r\u00f6s Barnab\u00e1s (2. perc), Jass N\u00e1ndor (19. perc), Sinka D\u00e1niel Imre (28. perc), Igricz Mih\u00e1ly (29. perc), Kov\u00e1cs-Kulcs\u00e1r \u00c1kos (51. perc), D\u00e1vid Kende (67. perc).<\/p>\n<p style=\"text-align: justify;\"><strong>S\u00e1rga lapok:<\/strong> Petka Imre (9. perc), Sinka D\u00e1niel Imre (24. perc), Moln\u00e1r M\u00e1rk\u00f3 G\u00e1bor (73. perc),<\/p>\n<p style=\"text-align: justify;\"><strong>Piros lap:<\/strong> G\u00f6nly\u00f6s S\u00e1ndor Robin (50. perc).<\/p>\n<p style=\"text-align: justify;\"><img decoding=\"async\" class=\"alignnone size-full wp-image-34 aligncenter\" src=\"https:\/\/bcsla.hu\/site\/wp-content\/uploads\/2017\/03\/line_purple.png\" alt=\"\" width=\"680\" height=\"1\" srcset=\"https:\/\/bcsla.hu\/site\/wp-content\/uploads\/2017\/03\/line_purple.png 680w, https:\/\/bcsla.hu\/site\/wp-content\/uploads\/2017\/03\/line_purple-150x1.png 150w, https:\/\/bcsla.hu\/site\/wp-content\/uploads\/2017\/03\/line_purple-300x1.png 300w, https:\/\/bcsla.hu\/site\/wp-content\/uploads\/2017\/03\/line_purple-292x1.png 292w, https:\/\/bcsla.hu\/site\/wp-content\/uploads\/2017\/03\/line_purple-100x1.png 100w, https:\/\/bcsla.hu\/site\/wp-content\/uploads\/2017\/03\/line_purple-50x1.png 50w, https:\/\/bcsla.hu\/site\/wp-content\/uploads\/2017\/03\/line_purple-25x1.png 25w, https:\/\/bcsla.hu\/site\/wp-content\/uploads\/2017\/03\/line_purple-90x1.png 90w\" sizes=\"(max-width: 680px) 100vw, 680px\" \/><\/p>\n<p style=\"text-align: justify;\"><a class=\"metro-button mtr-small mtr-red mtr-square mtr-alignleft\" href=\"http:\/\/ada1bank.mlsz.hu\/match?itemId=1668538&#038;evad=56&#038;szervezet=0&#038;verseny=24370&#038;fordulo=5\" title=\"\" target=\"_blank\"> Jegyz\u0151k\u00f6nyv <\/a><\/p>\n<p>&nbsp;<\/p>\n","protected":false},"excerpt":{"rendered":"<p>MLSZ Region\u00e1lis U15 Kiemelt Kelet 5. fordul\u00f3 Szeged-Csan\u00e1d Grosics Akad\u00e9mia &#8211; B\u00e9k\u00e9scsaba 1912 El\u0151re SE 1-5 (0-4) BEL\u00c9P\u00c9S 18 \u00c9VEN FEL\u00dcLIEKNEK CSAK V\u00c9DETTS\u00c9GI IGAZOLV\u00c1NNYAL, VAGY AZ AZT HELYETTES\u00cdT\u0150 EESZT APPLIK\u00c1CI\u00d3VAL! Id\u0151pont:\u00a02021. szeptember 25. (szombat) 10:00 \u00f3ra Helysz\u00edn: Gyula, Gyulai Grosics Gyula Akad\u00e9mia G\u00f3lszerz\u0151k: V\u00f6r\u00f6s Barnab\u00e1s (2. perc), Jass N\u00e1ndor (19. perc), Sinka D\u00e1niel Imre (28. [&hellip;]<\/p>\n","protected":false},"author":1,"featured_media":0,"comment_status":"closed","ping_status":"closed","sticky":false,"template":"","format":"standard","meta":{"footnotes":""},"categories":[6,684,689],"tags":[642,546,541,543,56,313,101,31],"class_list":["post-8555","post","type-post","status-publish","format-standard","hentry","category-eredmenyek","category-684","category-eredmenyek-u15","tag-642","tag-1000-ora","tag-5-fordulo","tag-szeptember","tag-eredmeny","tag-szeged-csanad-grosics-akademia","tag-u15","tag-merkozes"],"publishpress_future_action":{"enabled":false,"date":"2026-05-07 00:49:06","action":"change-status","newStatus":"draft","terms":[],"taxonomy":"category","extraData":[]},"publishpress_future_workflow_manual_trigger":{"enabledWorkflows":[]},"_links":{"self":[{"href":"https:\/\/bcsla.hu\/site\/wp-json\/wp\/v2\/posts\/8555","targetHints":{"allow":["GET"]}}],"collection":[{"href":"https:\/\/bcsla.hu\/site\/wp-json\/wp\/v2\/posts"}],"about":[{"href":"https:\/\/bcsla.hu\/site\/wp-json\/wp\/v2\/types\/post"}],"author":[{"embeddable":true,"href":"https:\/\/bcsla.hu\/site\/wp-json\/wp\/v2\/users\/1"}],"replies":[{"embeddable":true,"href":"https:\/\/bcsla.hu\/site\/wp-json\/wp\/v2\/comments?post=8555"}],"version-history":[{"count":3,"href":"https:\/\/bcsla.hu\/site\/wp-json\/wp\/v2\/posts\/8555\/revisions"}],"predecessor-version":[{"id":8572,"href":"https:\/\/bcsla.hu\/site\/wp-json\/wp\/v2\/posts\/8555\/revisions\/8572"}],"wp:attachment":[{"href":"https:\/\/bcsla.hu\/site\/wp-json\/wp\/v2\/media?parent=8555"}],"wp:term":[{"taxonomy":"category","embeddable":true,"href":"https:\/\/bcsla.hu\/site\/wp-json\/wp\/v2\/categories?post=8555"},{"taxonomy":"post_tag","embeddable":true,"href":"https:\/\/bcsla.hu\/site\/wp-json\/wp\/v2\/tags?post=8555"}],"curies":[{"name":"wp","href":"https:\/\/api.w.org\/{rel}","templated":true}]}}