{"id":9067,"date":"2021-11-30T13:12:31","date_gmt":"2021-11-30T12:12:31","guid":{"rendered":"https:\/\/bcsla.hu\/site\/?p=9067"},"modified":"2021-11-30T13:12:31","modified_gmt":"2021-11-30T12:12:31","slug":"az-epitkezes-folyamata-zajlik-20211130","status":"publish","type":"post","link":"https:\/\/bcsla.hu\/site\/az-epitkezes-folyamata-zajlik-20211130\/","title":{"rendered":"Az \u00e9p\u00edtkez\u00e9s folyamata zajlik"},"content":{"rendered":"<p style=\"text-align: justify;\"><strong>Az \u00e9p\u00edtkez\u00e9s folyamata zajlik. R\u00f6viden \u00edgy jellemezhetn\u00e9nk a B\u00e9k\u00e9scsaba Labdar\u00fag\u00f3 Akad\u00e9mia n\u0151i szakoszt\u00e1ly\u00e1nak mindennapjait.<\/strong><\/p>\n<p style=\"text-align: center;\"><img fetchpriority=\"high\" decoding=\"async\" class=\"alignnone wp-image-9068 size-full\" title=\"B\u00e9k\u00e9scsaba Labdar\u00fag\u00f3 Akad\u00e9mia - U19 Le\u00e1ny\" src=\"https:\/\/bcsla.hu\/site\/wp-content\/uploads\/2021\/11\/20211030_elore_bajmazujvaros_u19_leany.jpg\" alt=\"\" width=\"680\" height=\"453\" srcset=\"https:\/\/bcsla.hu\/site\/wp-content\/uploads\/2021\/11\/20211030_elore_bajmazujvaros_u19_leany.jpg 680w, https:\/\/bcsla.hu\/site\/wp-content\/uploads\/2021\/11\/20211030_elore_bajmazujvaros_u19_leany-300x200.jpg 300w, https:\/\/bcsla.hu\/site\/wp-content\/uploads\/2021\/11\/20211030_elore_bajmazujvaros_u19_leany-100x67.jpg 100w, https:\/\/bcsla.hu\/site\/wp-content\/uploads\/2021\/11\/20211030_elore_bajmazujvaros_u19_leany-50x33.jpg 50w, https:\/\/bcsla.hu\/site\/wp-content\/uploads\/2021\/11\/20211030_elore_bajmazujvaros_u19_leany-25x17.jpg 25w, https:\/\/bcsla.hu\/site\/wp-content\/uploads\/2021\/11\/20211030_elore_bajmazujvaros_u19_leany-90x60.jpg 90w, https:\/\/bcsla.hu\/site\/wp-content\/uploads\/2021\/11\/20211030_elore_bajmazujvaros_u19_leany-250x167.jpg 250w, https:\/\/bcsla.hu\/site\/wp-content\/uploads\/2021\/11\/20211030_elore_bajmazujvaros_u19_leany-225x150.jpg 225w\" sizes=\"(max-width: 680px) 100vw, 680px\" \/><\/p>\n<p style=\"text-align: justify;\">Jelenleg k\u00e9t csapatot, a region\u00e1lis Keleti csoportj\u00e1ban az U19, a region\u00e1lis NP Keleti csoportban az U16-os koroszt\u00e1lyt versenyezhetnek. Emellett igyekeznek min\u00e9l t\u00f6bb, a sport\u00e1g ir\u00e1nt \u00e9rdekl\u0151d\u0151 l\u00e1nyt bevonzani a labdar\u00fag\u00e1s b\u0171vk\u00f6r\u00e9be. Ehhez a munk\u00e1hoz fiatal, agilis szakembereket tal\u00e1ltak. A szakmai munk\u00e1t okt\u00f3bert\u0151l a labdar\u00fag\u00e1st j\u00e1t\u00e9kosk\u00e9nt is j\u00f3l ismer\u0151 fiatal h\u00f6lgy, Bencsik \u00c9va ir\u00e1ny\u00edtja.<\/p>\n<p style=\"text-align: justify;\"><em>\u2013 Most az a legfontosabb c\u00e9l, hogy toborozzunk, azt szeretn\u00e9nk, ha min\u00e9l t\u00f6bb kisl\u00e1ny ismerkedne meg a labdar\u00fag\u00e1ssal. A B\u00e9k\u00e9scsaba Labdar\u00fag\u00f3 Akad\u00e9mi\u00e1n\u00e1l egy j\u00f3 k\u00f6z\u00f6ss\u00e9gre lelhet az a foci ir\u00e1nt \u00e9rdekl\u0151d\u0151 l\u00e1ny, aki benn\u00fcnket v\u00e1laszt<\/em> \u2013 besz\u00e9lt a legfontosabb feladatr\u00f3l a szakoszt\u00e1lyvezet\u0151.<\/p>\n<p style=\"text-align: justify;\"><em>\u2013 Terveink k\u00f6z\u00f6tt szerepel, hogy min\u00e9l hamarabb csapatot nevezhess\u00fcnk az U14-es bajnoks\u00e1gba. Erre leghamarabb j\u00f6v\u0151 \u0151sszel ker\u00fclhet sor, most az alapok elsaj\u00e1t\u00edt\u00e1sa a legfontosabb. A kisebbeknek, az U11-eseknek a Bozsik program keret\u00e9ben ny\u00edlik lehet\u0151s\u00e9g\u00fck a j\u00e1t\u00e9kra. Mivel itt nem sz\u00e1m\u00edtj\u00e1k az eredm\u00e9nyt, \u00edgy a koroszt\u00e1ly tagjai nagyobb t\u00e9t n\u00e9lk\u00fcl szokhatj\u00e1k meg a m\u00e9rk\u0151z\u00e9sek hangulat\u00e1t, ismerkedhetnek meg a j\u00e1t\u00e9kkal.<\/em><\/p>\n<p style=\"text-align: justify;\">A m\u00e1r bajnoks\u00e1gban szerepl\u0151 koroszt\u00e1lyokr\u00f3l Bencsik \u00c9va elmondta, hogy az U16-osok k\u00f6z\u00fcl a ny\u00e1ron t\u00f6bben felker\u00fcltek az U19-es csapatba, ez\u00e9rt sz\u00fcks\u00e9gess\u00e9 v\u00e1lt a fiatalabb koroszt\u00e1ly felt\u00f6lt\u00e9se. Itt olyan l\u00e1nyok vannak, akik m\u00e9g csak nemr\u00e9g kezdtek el focizni. N\u00e1luk a labdar\u00fag\u00e1ssal val\u00f3 megismerked\u00e9s mellett az is l\u00e9nyeges, hogy j\u00f3l \u00e9rezz\u00e9k magukat.<\/p>\n<p style=\"text-align: justify;\"><em>\u2013 Az els\u0151dleges c\u00e9l itt is az, hogy min\u00e9l t\u00f6bbet gyakoroljanak, fejl\u0151djenek. Az U19-eseknek m\u00e1r vannak j\u00f3 eredm\u00e9nyeik, aminek nagyon \u00f6r\u00fcl\u00fcnk<\/em> \u2013 folytatta Bencsik \u00c9va.<\/p>\n<p style=\"text-align: justify;\"><strong>A szakoszt\u00e1lyvezet\u0151 el\u00e1rulta, hogy a k\u00f6zelj\u00f6v\u0151ben futsalban is ind\u00edtanak csapatot, tervek szerint a Csongr\u00e1d megyei bajnoks\u00e1gba kapcsol\u00f3dnak be.<\/strong><\/p>\n","protected":false},"excerpt":{"rendered":"<p>Az \u00e9p\u00edtkez\u00e9s folyamata zajlik. R\u00f6viden \u00edgy jellemezhetn\u00e9nk a B\u00e9k\u00e9scsaba Labdar\u00fag\u00f3 Akad\u00e9mia n\u0151i szakoszt\u00e1ly\u00e1nak mindennapjait. Jelenleg k\u00e9t csapatot, a region\u00e1lis Keleti csoportj\u00e1ban az U19, a region\u00e1lis NP Keleti csoportban az U16-os koroszt\u00e1lyt versenyezhetnek. Emellett igyekeznek min\u00e9l t\u00f6bb, a sport\u00e1g ir\u00e1nt \u00e9rdekl\u0151d\u0151 l\u00e1nyt bevonzani a labdar\u00fag\u00e1s b\u0171vk\u00f6r\u00e9be. Ehhez a munk\u00e1hoz fiatal, agilis szakembereket tal\u00e1ltak. A szakmai munk\u00e1t [&hellip;]<\/p>\n","protected":false},"author":1,"featured_media":0,"comment_status":"closed","ping_status":"closed","sticky":false,"template":"","format":"standard","meta":{"footnotes":""},"categories":[1,177],"tags":[732,16,169,58,60,28,29],"class_list":["post-9067","post","type-post","status-publish","format-standard","hentry","category-hirek","category-interjuk","tag-bencsik-eva","tag-bekescsaba-labdarugo-akademia","tag-leany","tag-u16","tag-u19","tag-riport","tag-interju"],"publishpress_future_action":{"enabled":false,"date":"2026-05-09 12:38:36","action":"change-status","newStatus":"draft","terms":[],"taxonomy":"category","extraData":[]},"publishpress_future_workflow_manual_trigger":{"enabledWorkflows":[]},"_links":{"self":[{"href":"https:\/\/bcsla.hu\/site\/wp-json\/wp\/v2\/posts\/9067","targetHints":{"allow":["GET"]}}],"collection":[{"href":"https:\/\/bcsla.hu\/site\/wp-json\/wp\/v2\/posts"}],"about":[{"href":"https:\/\/bcsla.hu\/site\/wp-json\/wp\/v2\/types\/post"}],"author":[{"embeddable":true,"href":"https:\/\/bcsla.hu\/site\/wp-json\/wp\/v2\/users\/1"}],"replies":[{"embeddable":true,"href":"https:\/\/bcsla.hu\/site\/wp-json\/wp\/v2\/comments?post=9067"}],"version-history":[{"count":1,"href":"https:\/\/bcsla.hu\/site\/wp-json\/wp\/v2\/posts\/9067\/revisions"}],"predecessor-version":[{"id":9069,"href":"https:\/\/bcsla.hu\/site\/wp-json\/wp\/v2\/posts\/9067\/revisions\/9069"}],"wp:attachment":[{"href":"https:\/\/bcsla.hu\/site\/wp-json\/wp\/v2\/media?parent=9067"}],"wp:term":[{"taxonomy":"category","embeddable":true,"href":"https:\/\/bcsla.hu\/site\/wp-json\/wp\/v2\/categories?post=9067"},{"taxonomy":"post_tag","embeddable":true,"href":"https:\/\/bcsla.hu\/site\/wp-json\/wp\/v2\/tags?post=9067"}],"curies":[{"name":"wp","href":"https:\/\/api.w.org\/{rel}","templated":true}]}}