{"id":9818,"date":"2022-04-09T16:53:14","date_gmt":"2022-04-09T14:53:14","guid":{"rendered":"https:\/\/bcsla.hu\/site\/?p=9818"},"modified":"2022-04-09T16:53:14","modified_gmt":"2022-04-09T14:53:14","slug":"bekescsaba-1912-elore-se-sbtc-20220409-u14","status":"publish","type":"post","link":"https:\/\/bcsla.hu\/site\/bekescsaba-1912-elore-se-sbtc-20220409-u14\/","title":{"rendered":"B\u00e9k\u00e9scsaba 1912 El\u0151re SE &#8211; SBTC"},"content":{"rendered":"<p id=\"headerText\" class=\"container_title\"><strong>MLSZ Orsz\u00e1gos U14 Alap csoport Kelet 19. fordul\u00f3<\/strong><\/p>\n<h2>B\u00e9k\u00e9scsaba 1912 El\u0151re SE &#8211; SBTC<\/h2>\n<h2>7-0 (4-0)<\/h2>\n<p style=\"text-align: justify;\"><strong>Id\u0151pont:<\/strong>\u00a02022. \u00e1prilis 9. (szombat) 14:00 \u00f3ra<\/p>\n<p style=\"text-align: justify;\"><strong>Helysz\u00edn:<\/strong>\u00a0B\u00e9k\u00e9scsaba, B\u00e9k\u00e9scsaba Labdar\u00fag\u00f3 Akad\u00e9mia<\/p>\n<p style=\"text-align: justify;\"><strong>G\u00f3lszerz\u0151k:\u00a0<\/strong>Ol\u00e1h Roland (7., 10. \u00e9s 35. perc), Giczey Tam\u00e1s Istv\u00e1n (40., 42., 60. \u00e9s 73. perc).<\/p>\n<p style=\"text-align: justify;\"><strong>S\u00e1rga lapok:\u00a0<\/strong>Giczey Tam\u00e1s Istv\u00e1n (48. perc), Sim\u00f3 Bence (70. perc).<\/p>\n<p style=\"text-align: justify;\"><img decoding=\"async\" class=\"alignnone size-full wp-image-34 aligncenter\" src=\"https:\/\/bcsla.hu\/site\/wp-content\/uploads\/2017\/03\/line_purple.png\" alt=\"\" width=\"680\" height=\"1\" srcset=\"https:\/\/bcsla.hu\/site\/wp-content\/uploads\/2017\/03\/line_purple.png 680w, https:\/\/bcsla.hu\/site\/wp-content\/uploads\/2017\/03\/line_purple-150x1.png 150w, https:\/\/bcsla.hu\/site\/wp-content\/uploads\/2017\/03\/line_purple-300x1.png 300w, https:\/\/bcsla.hu\/site\/wp-content\/uploads\/2017\/03\/line_purple-292x1.png 292w, https:\/\/bcsla.hu\/site\/wp-content\/uploads\/2017\/03\/line_purple-100x1.png 100w, https:\/\/bcsla.hu\/site\/wp-content\/uploads\/2017\/03\/line_purple-50x1.png 50w, https:\/\/bcsla.hu\/site\/wp-content\/uploads\/2017\/03\/line_purple-25x1.png 25w, https:\/\/bcsla.hu\/site\/wp-content\/uploads\/2017\/03\/line_purple-90x1.png 90w\" sizes=\"(max-width: 680px) 100vw, 680px\" \/><\/p>\n<p style=\"text-align: justify;\"><a class=\"metro-button mtr-small mtr-red mtr-square mtr-alignleft\" href=\"https:\/\/adatbank.mlsz.hu\/match\/56\/0\/24333\/19\/1700929.html\" title=\"\" target=\"_blank\"> Jegyz\u0151k\u00f6nyv <\/a><\/p>\n<p>&nbsp;<\/p>\n","protected":false},"excerpt":{"rendered":"<p>MLSZ Orsz\u00e1gos U14 Alap csoport Kelet 19. fordul\u00f3 B\u00e9k\u00e9scsaba 1912 El\u0151re SE &#8211; SBTC 7-0 (4-0) Id\u0151pont:\u00a02022. \u00e1prilis 9. (szombat) 14:00 \u00f3ra Helysz\u00edn:\u00a0B\u00e9k\u00e9scsaba, B\u00e9k\u00e9scsaba Labdar\u00fag\u00f3 Akad\u00e9mia G\u00f3lszerz\u0151k:\u00a0Ol\u00e1h Roland (7., 10. \u00e9s 35. perc), Giczey Tam\u00e1s Istv\u00e1n (40., 42., 60. \u00e9s 73. perc). S\u00e1rga lapok:\u00a0Giczey Tam\u00e1s Istv\u00e1n (48. perc), Sim\u00f3 Bence (70. perc). &nbsp;<\/p>\n","protected":false},"author":1,"featured_media":0,"comment_status":"closed","ping_status":"closed","sticky":false,"template":"","format":"standard","meta":{"footnotes":""},"categories":[6,684,690],"tags":[710,711,650,642,637,550,118,56,31],"class_list":["post-9818","post","type-post","status-publish","format-standard","hentry","category-eredmenyek","category-684","category-eredmenyek-u14","tag-sbtc","tag-salgotarjan","tag-aprilis","tag-642","tag-19-fordulo","tag-1400-ora","tag-u14","tag-eredmeny","tag-merkozes"],"publishpress_future_action":{"enabled":false,"date":"2026-05-07 04:53:06","action":"change-status","newStatus":"draft","terms":[],"taxonomy":"category","extraData":[]},"publishpress_future_workflow_manual_trigger":{"enabledWorkflows":[]},"_links":{"self":[{"href":"https:\/\/bcsla.hu\/site\/wp-json\/wp\/v2\/posts\/9818","targetHints":{"allow":["GET"]}}],"collection":[{"href":"https:\/\/bcsla.hu\/site\/wp-json\/wp\/v2\/posts"}],"about":[{"href":"https:\/\/bcsla.hu\/site\/wp-json\/wp\/v2\/types\/post"}],"author":[{"embeddable":true,"href":"https:\/\/bcsla.hu\/site\/wp-json\/wp\/v2\/users\/1"}],"replies":[{"embeddable":true,"href":"https:\/\/bcsla.hu\/site\/wp-json\/wp\/v2\/comments?post=9818"}],"version-history":[{"count":2,"href":"https:\/\/bcsla.hu\/site\/wp-json\/wp\/v2\/posts\/9818\/revisions"}],"predecessor-version":[{"id":9829,"href":"https:\/\/bcsla.hu\/site\/wp-json\/wp\/v2\/posts\/9818\/revisions\/9829"}],"wp:attachment":[{"href":"https:\/\/bcsla.hu\/site\/wp-json\/wp\/v2\/media?parent=9818"}],"wp:term":[{"taxonomy":"category","embeddable":true,"href":"https:\/\/bcsla.hu\/site\/wp-json\/wp\/v2\/categories?post=9818"},{"taxonomy":"post_tag","embeddable":true,"href":"https:\/\/bcsla.hu\/site\/wp-json\/wp\/v2\/tags?post=9818"}],"curies":[{"name":"wp","href":"https:\/\/api.w.org\/{rel}","templated":true}]}}